{"id":1349,"date":"2023-10-08T10:29:29","date_gmt":"2023-10-08T10:29:29","guid":{"rendered":"https:\/\/www.castanheiroboutiquehotel.com\/?p=1349"},"modified":"2023-10-08T11:23:50","modified_gmt":"2023-10-08T11:23:50","slug":"the-demijohns-and-the-madeira-wine","status":"publish","type":"post","link":"https:\/\/www.castanheiroboutiquehotel.com\/pt\/the-demijohns-and-the-madeira-wine\/","title":{"rendered":"Os garraf\u00f5es e o vinho Madeira"},"content":{"rendered":"<div class=\"wpb-content-wrapper\"><p>[vc_row][vc_column][vc_empty_space][\/vc_column][\/vc_row][vc_row][vc_column width=&#8221;2\/3&#8243;][vc_gallery interval=&#8221;3&#8243; images=&#8221;1351&#8243; img_size=&#8221;large&#8221;][\/vc_column][vc_column width=&#8221;1\/3&#8243;][vc_column_text]<\/p>\n<p class=\"p1\">A casta Malvasia foi introduzida no povoamento inicial e a primeira exporta\u00e7\u00e3o, em 1515, foi para a corte de D. Francisco I, rei de Fran\u00e7a. Todavia, tinha pouco relevo na economia, porque at\u00e9 \u00e0 primeira metade do s\u00e9culo XVI, a Madeira era sobretudo um dos principais mercados do a\u00e7\u00facar do Atl\u00e2ntico. Devido \u00e0 concorr\u00eancia de novos mercados, a exporta\u00e7\u00e3o do \u201couro branco\u201d entrou em decl\u00ednio, os canaviais foram substitu\u00eddos pelos vinhedos e o vinho passou a principal fonte econ\u00f3mica da Ilha. A malha urbana da \u201ccidade do a\u00e7\u00facar\u201d, que se estendia ao longo do litoral da ba\u00eda, subiu as encostas para norte (sec. XVII-XVIII), ocupando \u201ca cidade do vinho\u201d a parte mais alta do anfiteatro do Funchal. Das 30 castas existentes na Ilha, destacam-se o Sercial (seco), o Verdelho (meio seco), o Boal (meio doce) e o Malvasia (doce). Parceria?<\/p>\n<p>[\/vc_column_text][\/vc_column][\/vc_row][vc_row][vc_column][vc_empty_space][vc_custom_heading text=&#8221;Mais Heritage&#8221; use_theme_fonts=&#8221;yes&#8221;][vc_basic_grid post_type=&#8221;post&#8221; max_items=&#8221;3&#8243; orderby=&#8221;rand&#8221; item=&#8221;mediaGrid_SlideInTitle&#8221; grid_id=&#8221;vc_gid:1696760947381-a7fd20a0-69a3-7&#8243; taxonomies=&#8221;22&#8243;][\/vc_column][\/vc_row]<\/p>\n<\/div>","protected":false},"excerpt":{"rendered":"<p>A casta Malvasia foi introduzida no povoamento inicial e a primeira exporta\u00e7\u00e3o, em 1515, foi para a corte de D. Francisco I, rei de Fran\u00e7a. Todavia, tinha pouco relevo na economia, porque at\u00e9 \u00e0 primeira metade do s\u00e9culo XVI, a Madeira era sobretudo um dos principais mercados do a\u00e7\u00facar do Atl\u00e2ntico.<\/p>\n","protected":false},"author":1,"featured_media":1351,"comment_status":"closed","ping_status":"closed","sticky":false,"template":"","format":"standard","meta":{"_genesis_hide_title":false,"_genesis_hide_breadcrumbs":false,"_genesis_hide_singular_image":false,"_genesis_hide_footer_widgets":false,"_genesis_custom_body_class":"","_genesis_custom_post_class":"","_genesis_layout":"","footnotes":""},"categories":[22],"tags":[],"class_list":{"0":"post-1349","1":"post","2":"type-post","3":"status-publish","4":"format-standard","5":"has-post-thumbnail","7":"category-heritage","8":"entry","9":"override"},"yoast_head":"<!-- This site is optimized with the Yoast SEO plugin v26.9 - https:\/\/yoast.com\/product\/yoast-seo-wordpress\/ -->\n<title>Os garraf\u00f5es e o vinho Madeira - Castanheiro Boutique Hotel<\/title>\n<meta name=\"robots\" content=\"index, follow, max-snippet:-1, max-image-preview:large, max-video-preview:-1\" \/>\n<link rel=\"canonical\" href=\"https:\/\/www.castanheiroboutiquehotel.com\/the-demijohns-and-the-madeira-wine\/\" \/>\n<meta property=\"og:locale\" content=\"pt_PT\" \/>\n<meta property=\"og:type\" content=\"article\" \/>\n<meta property=\"og:title\" content=\"Os garraf\u00f5es e o vinho Madeira - Castanheiro Boutique Hotel\" \/>\n<meta property=\"og:description\" content=\"[:en]The Malvasia grape variety was introduced with the first settlement, and the first export, was to the court of Fran\u00e7ois\u00a0I, King of France. Wine still had a minor economic importance, because until the first half of the 16th century, Madeira was mainly one of the most important markets for Atlantic sugar.[:pt]A casta Malvasia foi introduzida no povoamento inicial e a primeira exporta\u00e7\u00e3o, em 1515, foi para a corte de D. Francisco I, rei de Fran\u00e7a. Todavia, tinha pouco relevo na economia, porque at\u00e9 \u00e0 primeira metade do s\u00e9culo XVI, a Madeira era sobretudo um dos principais mercados do a\u00e7\u00facar do Atl\u00e2ntico.[:]\" \/>\n<meta property=\"og:url\" content=\"https:\/\/www.castanheiroboutiquehotel.com\/the-demijohns-and-the-madeira-wine\/\" \/>\n<meta property=\"og:site_name\" content=\"Castanheiro Boutique Hotel\" \/>\n<meta property=\"article:publisher\" content=\"https:\/\/www.facebook.com\/castanheiroboutiquehotel\/\" \/>\n<meta property=\"article:published_time\" content=\"2023-10-08T10:29:29+00:00\" \/>\n<meta property=\"article:modified_time\" content=\"2023-10-08T11:23:50+00:00\" \/>\n<meta property=\"og:image\" content=\"https:\/\/www.castanheiroboutiquehotel.com\/wp-content\/uploads\/2023\/10\/cartanheiro_heritage-7560.jpg\" \/>\n\t<meta property=\"og:image:width\" content=\"1000\" \/>\n\t<meta property=\"og:image:height\" content=\"1500\" \/>\n\t<meta property=\"og:image:type\" content=\"image\/jpeg\" \/>\n<meta name=\"author\" content=\"castanheiro2016\" \/>\n<meta name=\"twitter:card\" content=\"summary_large_image\" \/>\n<meta name=\"twitter:label1\" content=\"Escrito por\" \/>\n\t<meta name=\"twitter:data1\" content=\"castanheiro2016\" \/>\n\t<meta name=\"twitter:label2\" content=\"Tempo estimado de leitura\" \/>\n\t<meta name=\"twitter:data2\" content=\"1 minuto\" \/>\n<script type=\"application\/ld+json\" class=\"yoast-schema-graph\">{\"@context\":\"https:\/\/schema.org\",\"@graph\":[{\"@type\":\"Article\",\"@id\":\"https:\/\/www.castanheiroboutiquehotel.com\/the-demijohns-and-the-madeira-wine\/#article\",\"isPartOf\":{\"@id\":\"https:\/\/www.castanheiroboutiquehotel.com\/the-demijohns-and-the-madeira-wine\/\"},\"author\":{\"name\":\"castanheiro2016\",\"@id\":\"https:\/\/www.castanheiroboutiquehotel.com\/#\/schema\/person\/ed3c9423c0aa32fd17456b6445677710\"},\"headline\":\"Os garraf\u00f5es e o vinho Madeira\",\"datePublished\":\"2023-10-08T10:29:29+00:00\",\"dateModified\":\"2023-10-08T11:23:50+00:00\",\"mainEntityOfPage\":{\"@id\":\"https:\/\/www.castanheiroboutiquehotel.com\/the-demijohns-and-the-madeira-wine\/\"},\"wordCount\":479,\"publisher\":{\"@id\":\"https:\/\/www.castanheiroboutiquehotel.com\/#organization\"},\"image\":{\"@id\":\"https:\/\/www.castanheiroboutiquehotel.com\/the-demijohns-and-the-madeira-wine\/#primaryimage\"},\"thumbnailUrl\":\"https:\/\/www.castanheiroboutiquehotel.com\/wp-content\/uploads\/2023\/10\/cartanheiro_heritage-7560.jpg\",\"articleSection\":[\"heritage\"],\"inLanguage\":\"pt-PT\"},{\"@type\":\"WebPage\",\"@id\":\"https:\/\/www.castanheiroboutiquehotel.com\/the-demijohns-and-the-madeira-wine\/\",\"url\":\"https:\/\/www.castanheiroboutiquehotel.com\/the-demijohns-and-the-madeira-wine\/\",\"name\":\"Os garraf\u00f5es e o vinho Madeira - Castanheiro Boutique Hotel\",\"isPartOf\":{\"@id\":\"https:\/\/www.castanheiroboutiquehotel.com\/#website\"},\"primaryImageOfPage\":{\"@id\":\"https:\/\/www.castanheiroboutiquehotel.com\/the-demijohns-and-the-madeira-wine\/#primaryimage\"},\"image\":{\"@id\":\"https:\/\/www.castanheiroboutiquehotel.com\/the-demijohns-and-the-madeira-wine\/#primaryimage\"},\"thumbnailUrl\":\"https:\/\/www.castanheiroboutiquehotel.com\/wp-content\/uploads\/2023\/10\/cartanheiro_heritage-7560.jpg\",\"datePublished\":\"2023-10-08T10:29:29+00:00\",\"dateModified\":\"2023-10-08T11:23:50+00:00\",\"breadcrumb\":{\"@id\":\"https:\/\/www.castanheiroboutiquehotel.com\/the-demijohns-and-the-madeira-wine\/#breadcrumb\"},\"inLanguage\":\"pt-PT\",\"potentialAction\":[{\"@type\":\"ReadAction\",\"target\":[\"https:\/\/www.castanheiroboutiquehotel.com\/the-demijohns-and-the-madeira-wine\/\"]}]},{\"@type\":\"ImageObject\",\"inLanguage\":\"pt-PT\",\"@id\":\"https:\/\/www.castanheiroboutiquehotel.com\/the-demijohns-and-the-madeira-wine\/#primaryimage\",\"url\":\"https:\/\/www.castanheiroboutiquehotel.com\/wp-content\/uploads\/2023\/10\/cartanheiro_heritage-7560.jpg\",\"contentUrl\":\"https:\/\/www.castanheiroboutiquehotel.com\/wp-content\/uploads\/2023\/10\/cartanheiro_heritage-7560.jpg\",\"width\":1000,\"height\":1500},{\"@type\":\"BreadcrumbList\",\"@id\":\"https:\/\/www.castanheiroboutiquehotel.com\/the-demijohns-and-the-madeira-wine\/#breadcrumb\",\"itemListElement\":[{\"@type\":\"ListItem\",\"position\":1,\"name\":\"Home\",\"item\":\"https:\/\/www.castanheiroboutiquehotel.com\/\"},{\"@type\":\"ListItem\",\"position\":2,\"name\":\"The demijohns and the Madeira wine\"}]},{\"@type\":\"WebSite\",\"@id\":\"https:\/\/www.castanheiroboutiquehotel.com\/#website\",\"url\":\"https:\/\/www.castanheiroboutiquehotel.com\/\",\"name\":\"Castanheiro Boutique Hotel\",\"description\":\"Uma experi\u00eancia \u00fanica num local singular\",\"publisher\":{\"@id\":\"https:\/\/www.castanheiroboutiquehotel.com\/#organization\"},\"potentialAction\":[{\"@type\":\"SearchAction\",\"target\":{\"@type\":\"EntryPoint\",\"urlTemplate\":\"https:\/\/www.castanheiroboutiquehotel.com\/?s={search_term_string}\"},\"query-input\":{\"@type\":\"PropertyValueSpecification\",\"valueRequired\":true,\"valueName\":\"search_term_string\"}}],\"inLanguage\":\"pt-PT\"},{\"@type\":\"Organization\",\"@id\":\"https:\/\/www.castanheiroboutiquehotel.com\/#organization\",\"name\":\"Castanheiro Boutique Hotel\",\"url\":\"https:\/\/www.castanheiroboutiquehotel.com\/\",\"logo\":{\"@type\":\"ImageObject\",\"inLanguage\":\"pt-PT\",\"@id\":\"https:\/\/www.castanheiroboutiquehotel.com\/#\/schema\/logo\/image\/\",\"url\":\"https:\/\/www.castanheiroboutiquehotel.com\/wp-content\/uploads\/2016\/02\/1_hotel_2.jpg\",\"contentUrl\":\"https:\/\/www.castanheiroboutiquehotel.com\/wp-content\/uploads\/2016\/02\/1_hotel_2.jpg\",\"width\":667,\"height\":667,\"caption\":\"Castanheiro Boutique Hotel\"},\"image\":{\"@id\":\"https:\/\/www.castanheiroboutiquehotel.com\/#\/schema\/logo\/image\/\"},\"sameAs\":[\"https:\/\/www.facebook.com\/castanheiroboutiquehotel\/\"]},{\"@type\":\"Person\",\"@id\":\"https:\/\/www.castanheiroboutiquehotel.com\/#\/schema\/person\/ed3c9423c0aa32fd17456b6445677710\",\"name\":\"castanheiro2016\",\"url\":\"https:\/\/www.castanheiroboutiquehotel.com\/pt\/author\/castanheiro2016\/\"}]}<\/script>\n<!-- \/ Yoast SEO plugin. -->","yoast_head_json":{"title":"Os garraf\u00f5es e o vinho Madeira - Castanheiro Boutique Hotel","robots":{"index":"index","follow":"follow","max-snippet":"max-snippet:-1","max-image-preview":"max-image-preview:large","max-video-preview":"max-video-preview:-1"},"canonical":"https:\/\/www.castanheiroboutiquehotel.com\/the-demijohns-and-the-madeira-wine\/","og_locale":"pt_PT","og_type":"article","og_title":"Os garraf\u00f5es e o vinho Madeira - Castanheiro Boutique Hotel","og_description":"[:en]The Malvasia grape variety was introduced with the first settlement, and the first export, was to the court of Fran\u00e7ois\u00a0I, King of France. Wine still had a minor economic importance, because until the first half of the 16th century, Madeira was mainly one of the most important markets for Atlantic sugar.[:pt]A casta Malvasia foi introduzida no povoamento inicial e a primeira exporta\u00e7\u00e3o, em 1515, foi para a corte de D. Francisco I, rei de Fran\u00e7a. Todavia, tinha pouco relevo na economia, porque at\u00e9 \u00e0 primeira metade do s\u00e9culo XVI, a Madeira era sobretudo um dos principais mercados do a\u00e7\u00facar do Atl\u00e2ntico.[:]","og_url":"https:\/\/www.castanheiroboutiquehotel.com\/the-demijohns-and-the-madeira-wine\/","og_site_name":"Castanheiro Boutique Hotel","article_publisher":"https:\/\/www.facebook.com\/castanheiroboutiquehotel\/","article_published_time":"2023-10-08T10:29:29+00:00","article_modified_time":"2023-10-08T11:23:50+00:00","og_image":[{"width":1000,"height":1500,"url":"https:\/\/www.castanheiroboutiquehotel.com\/wp-content\/uploads\/2023\/10\/cartanheiro_heritage-7560.jpg","type":"image\/jpeg"}],"author":"castanheiro2016","twitter_card":"summary_large_image","twitter_misc":{"Escrito por":"castanheiro2016","Tempo estimado de leitura":"1 minuto"},"schema":{"@context":"https:\/\/schema.org","@graph":[{"@type":"Article","@id":"https:\/\/www.castanheiroboutiquehotel.com\/the-demijohns-and-the-madeira-wine\/#article","isPartOf":{"@id":"https:\/\/www.castanheiroboutiquehotel.com\/the-demijohns-and-the-madeira-wine\/"},"author":{"name":"castanheiro2016","@id":"https:\/\/www.castanheiroboutiquehotel.com\/#\/schema\/person\/ed3c9423c0aa32fd17456b6445677710"},"headline":"Os garraf\u00f5es e o vinho Madeira","datePublished":"2023-10-08T10:29:29+00:00","dateModified":"2023-10-08T11:23:50+00:00","mainEntityOfPage":{"@id":"https:\/\/www.castanheiroboutiquehotel.com\/the-demijohns-and-the-madeira-wine\/"},"wordCount":479,"publisher":{"@id":"https:\/\/www.castanheiroboutiquehotel.com\/#organization"},"image":{"@id":"https:\/\/www.castanheiroboutiquehotel.com\/the-demijohns-and-the-madeira-wine\/#primaryimage"},"thumbnailUrl":"https:\/\/www.castanheiroboutiquehotel.com\/wp-content\/uploads\/2023\/10\/cartanheiro_heritage-7560.jpg","articleSection":["heritage"],"inLanguage":"pt-PT"},{"@type":"WebPage","@id":"https:\/\/www.castanheiroboutiquehotel.com\/the-demijohns-and-the-madeira-wine\/","url":"https:\/\/www.castanheiroboutiquehotel.com\/the-demijohns-and-the-madeira-wine\/","name":"Os garraf\u00f5es e o vinho Madeira - Castanheiro Boutique Hotel","isPartOf":{"@id":"https:\/\/www.castanheiroboutiquehotel.com\/#website"},"primaryImageOfPage":{"@id":"https:\/\/www.castanheiroboutiquehotel.com\/the-demijohns-and-the-madeira-wine\/#primaryimage"},"image":{"@id":"https:\/\/www.castanheiroboutiquehotel.com\/the-demijohns-and-the-madeira-wine\/#primaryimage"},"thumbnailUrl":"https:\/\/www.castanheiroboutiquehotel.com\/wp-content\/uploads\/2023\/10\/cartanheiro_heritage-7560.jpg","datePublished":"2023-10-08T10:29:29+00:00","dateModified":"2023-10-08T11:23:50+00:00","breadcrumb":{"@id":"https:\/\/www.castanheiroboutiquehotel.com\/the-demijohns-and-the-madeira-wine\/#breadcrumb"},"inLanguage":"pt-PT","potentialAction":[{"@type":"ReadAction","target":["https:\/\/www.castanheiroboutiquehotel.com\/the-demijohns-and-the-madeira-wine\/"]}]},{"@type":"ImageObject","inLanguage":"pt-PT","@id":"https:\/\/www.castanheiroboutiquehotel.com\/the-demijohns-and-the-madeira-wine\/#primaryimage","url":"https:\/\/www.castanheiroboutiquehotel.com\/wp-content\/uploads\/2023\/10\/cartanheiro_heritage-7560.jpg","contentUrl":"https:\/\/www.castanheiroboutiquehotel.com\/wp-content\/uploads\/2023\/10\/cartanheiro_heritage-7560.jpg","width":1000,"height":1500},{"@type":"BreadcrumbList","@id":"https:\/\/www.castanheiroboutiquehotel.com\/the-demijohns-and-the-madeira-wine\/#breadcrumb","itemListElement":[{"@type":"ListItem","position":1,"name":"Home","item":"https:\/\/www.castanheiroboutiquehotel.com\/"},{"@type":"ListItem","position":2,"name":"The demijohns and the Madeira wine"}]},{"@type":"WebSite","@id":"https:\/\/www.castanheiroboutiquehotel.com\/#website","url":"https:\/\/www.castanheiroboutiquehotel.com\/","name":"Castanheiro Boutique Hotel","description":"Uma experi\u00eancia \u00fanica num local singular","publisher":{"@id":"https:\/\/www.castanheiroboutiquehotel.com\/#organization"},"potentialAction":[{"@type":"SearchAction","target":{"@type":"EntryPoint","urlTemplate":"https:\/\/www.castanheiroboutiquehotel.com\/?s={search_term_string}"},"query-input":{"@type":"PropertyValueSpecification","valueRequired":true,"valueName":"search_term_string"}}],"inLanguage":"pt-PT"},{"@type":"Organization","@id":"https:\/\/www.castanheiroboutiquehotel.com\/#organization","name":"Castanheiro Boutique Hotel","url":"https:\/\/www.castanheiroboutiquehotel.com\/","logo":{"@type":"ImageObject","inLanguage":"pt-PT","@id":"https:\/\/www.castanheiroboutiquehotel.com\/#\/schema\/logo\/image\/","url":"https:\/\/www.castanheiroboutiquehotel.com\/wp-content\/uploads\/2016\/02\/1_hotel_2.jpg","contentUrl":"https:\/\/www.castanheiroboutiquehotel.com\/wp-content\/uploads\/2016\/02\/1_hotel_2.jpg","width":667,"height":667,"caption":"Castanheiro Boutique Hotel"},"image":{"@id":"https:\/\/www.castanheiroboutiquehotel.com\/#\/schema\/logo\/image\/"},"sameAs":["https:\/\/www.facebook.com\/castanheiroboutiquehotel\/"]},{"@type":"Person","@id":"https:\/\/www.castanheiroboutiquehotel.com\/#\/schema\/person\/ed3c9423c0aa32fd17456b6445677710","name":"castanheiro2016","url":"https:\/\/www.castanheiroboutiquehotel.com\/pt\/author\/castanheiro2016\/"}]}},"_links":{"self":[{"href":"https:\/\/www.castanheiroboutiquehotel.com\/pt\/wp-json\/wp\/v2\/posts\/1349","targetHints":{"allow":["GET"]}}],"collection":[{"href":"https:\/\/www.castanheiroboutiquehotel.com\/pt\/wp-json\/wp\/v2\/posts"}],"about":[{"href":"https:\/\/www.castanheiroboutiquehotel.com\/pt\/wp-json\/wp\/v2\/types\/post"}],"author":[{"embeddable":true,"href":"https:\/\/www.castanheiroboutiquehotel.com\/pt\/wp-json\/wp\/v2\/users\/1"}],"replies":[{"embeddable":true,"href":"https:\/\/www.castanheiroboutiquehotel.com\/pt\/wp-json\/wp\/v2\/comments?post=1349"}],"version-history":[{"count":2,"href":"https:\/\/www.castanheiroboutiquehotel.com\/pt\/wp-json\/wp\/v2\/posts\/1349\/revisions"}],"predecessor-version":[{"id":1438,"href":"https:\/\/www.castanheiroboutiquehotel.com\/pt\/wp-json\/wp\/v2\/posts\/1349\/revisions\/1438"}],"wp:featuredmedia":[{"embeddable":true,"href":"https:\/\/www.castanheiroboutiquehotel.com\/pt\/wp-json\/wp\/v2\/media\/1351"}],"wp:attachment":[{"href":"https:\/\/www.castanheiroboutiquehotel.com\/pt\/wp-json\/wp\/v2\/media?parent=1349"}],"wp:term":[{"taxonomy":"category","embeddable":true,"href":"https:\/\/www.castanheiroboutiquehotel.com\/pt\/wp-json\/wp\/v2\/categories?post=1349"},{"taxonomy":"post_tag","embeddable":true,"href":"https:\/\/www.castanheiroboutiquehotel.com\/pt\/wp-json\/wp\/v2\/tags?post=1349"}],"curies":[{"name":"wp","href":"https:\/\/api.w.org\/{rel}","templated":true}]}}